{"id":14537,"date":"2018-07-17T18:00:09","date_gmt":"2018-07-17T16:00:09","guid":{"rendered":"https:\/\/pole-hippolia.org\/\/?p=14537"},"modified":"2019-04-25T15:59:42","modified_gmt":"2019-04-25T13:59:42","slug":"pole-hippolia-aux-cotes-de-delegation-francaise-chio-daix-chapelle","status":"publish","type":"actualite","link":"https:\/\/pole-hippolia.org\/en\/actualite\/pole-hippolia-aux-cotes-de-delegation-francaise-chio-daix-chapelle\/","title":{"rendered":"Le P\u00f4le Hippolia aux c\u00f4t\u00e9s de la d\u00e9l\u00e9gation fran\u00e7aise au CHIO d&#8217;Aix-la-Chapelle"},"content":{"rendered":"<p style=\"text-align: justify;\">Alors que la France venait d\u2019\u00eatre championne du monde, cette d\u00e9l\u00e9gation pilot\u00e9e par le Minist\u00e8re des Sports accompagn\u00e9 par l\u2019Ambassade de France, Atout France, le Cadre Noir, le Consulat, la FFE, la Garde R\u00e9publicaine, l\u2019Ifce, et le P\u00f4le Hippolia a pu se rendre compte de l\u2019ampleur du partenariat. C\u00e9r\u00e9monie d\u2019ouverture et spectacles, Pavillon France dans le village exposant et animations quotidiennes, ce partenariat permettra de d\u00e9montrer que la France est plus que jamais un pays du cheval. La d\u00e9l\u00e9gation repart avec le souhait de r\u00e9ussir \u00e0 montrer toute la diversit\u00e9 de la fili\u00e8re \u00e9quine\u00a0: du poney de club au cheval de Grand Prix, des chevaux de spectacle aux courses, de la formation \u00e0 la recherche, de la tradition \u00e0 l\u2019innovation. Bien entendu, le P\u00f4le Hippolia a encourag\u00e9 le regroupement sous un m\u00eame pavillon des entreprises fran\u00e7aises. La Recherche et la Formation seront \u00e9galement mobilis\u00e9es pour faire conna\u00eetre leurs savoir-faire et les r\u00e9gions pourront faire valoir leur typicit\u00e9. Cet \u00e9v\u00e9nement sera \u00e9galement l\u2019occasion de mettre en valeur la coop\u00e9ration franco-allemande.<\/p>\n<p style=\"text-align: justify;\">Les prochaines \u00e9tapes sont de boucler le budget pour valider d\u00e9finitivement la participation de la France et de monter le projet pour r\u00e9ussir \u00e0 faire rayonner la France dans cet autre pays du cheval.<\/p>\n<p style=\"text-align: justify;\">Un beau challenge \u00e0 relever tous ensemble, en montrant que la fili\u00e8re \u00e9quine fran\u00e7aise peut s\u2019unir pour r\u00e9v\u00e9ler sa richesse.<\/p>\n<p style=\"text-align: justify;\"><a href=\"https:\/\/www.chioaachen.de\/en\/program\/\">www.chioaachen.de<\/a><\/p>\n<p style=\"text-align: justify;\"><a href=\"https:\/\/www.chioaachen.de\/en\/program\/\" target=\"_blank\" rel=\"noopener noreferrer\"><img loading=\"lazy\" decoding=\"async\" class=\"alignleft wp-image-14538\" src=\"https:\/\/pole-hippolia.org\/\/wp-content\/uploads\/2018\/07\/37282189_2564396703786017_8743695258715422720_o.jpg\" alt=\"Le P\u00f4le Hippolia et la d\u00e9l\u00e9gation fran\u00e7aise au CHIO d'Aix-la-Chapelle\" width=\"387\" height=\"290\" srcset=\"https:\/\/pole-hippolia.org\/wp-content\/uploads\/2018\/07\/37282189_2564396703786017_8743695258715422720_o.jpg 2016w, https:\/\/pole-hippolia.org\/wp-content\/uploads\/2018\/07\/37282189_2564396703786017_8743695258715422720_o-300x225.jpg 300w, https:\/\/pole-hippolia.org\/wp-content\/uploads\/2018\/07\/37282189_2564396703786017_8743695258715422720_o-768x576.jpg 768w, https:\/\/pole-hippolia.org\/wp-content\/uploads\/2018\/07\/37282189_2564396703786017_8743695258715422720_o-1024x768.jpg 1024w, https:\/\/pole-hippolia.org\/wp-content\/uploads\/2018\/07\/37282189_2564396703786017_8743695258715422720_o-660x495.jpg 660w, https:\/\/pole-hippolia.org\/wp-content\/uploads\/2018\/07\/37282189_2564396703786017_8743695258715422720_o-750x563.jpg 750w\" sizes=\"auto, (max-width: 387px) 100vw, 387px\" \/><\/a><\/p>\n","protected":false},"template":"","categorie_actualite":[65],"class_list":["post-14537","actualite","type-actualite","status-publish","hentry","categorie_actualite-le-pole"],"acf":[],"yoast_head":"<!-- This site is optimized with the Yoast SEO plugin v27.4 - https:\/\/yoast.com\/product\/yoast-seo-wordpress\/ -->\n<title>Le P\u00f4le Hippolia aux c\u00f4t\u00e9s de la d\u00e9l\u00e9gation fran\u00e7aise au CHIO d&#039;Aix-la-Chapelle - P\u00f4le Hippolia<\/title>\n<meta name=\"robots\" content=\"index, follow, max-snippet:-1, max-image-preview:large, max-video-preview:-1\" \/>\n<link rel=\"canonical\" href=\"https:\/\/pole-hippolia.org\/actualite\/pole-hippolia-aux-cotes-de-delegation-francaise-chio-daix-chapelle\/\" \/>\n<meta property=\"og:locale\" content=\"en_US\" \/>\n<meta property=\"og:type\" content=\"article\" \/>\n<meta property=\"og:title\" content=\"Le P\u00f4le Hippolia aux c\u00f4t\u00e9s de la d\u00e9l\u00e9gation fran\u00e7aise au CHIO d&#039;Aix-la-Chapelle - P\u00f4le Hippolia\" \/>\n<meta property=\"og:description\" content=\"Alors que la France venait d\u2019\u00eatre championne du monde, cette d\u00e9l\u00e9gation pilot\u00e9e par le Minist\u00e8re des Sports accompagn\u00e9 par l\u2019Ambassade de France, Atout France, le Cadre Noir, le Consulat, la FFE, la Garde R\u00e9publicaine, l\u2019Ifce, et le P\u00f4le Hippolia a pu se rendre compte de l\u2019ampleur du partenariat. C\u00e9r\u00e9monie d\u2019ouverture et spectacles, Pavillon France dans [&hellip;]\" \/>\n<meta property=\"og:url\" content=\"https:\/\/pole-hippolia.org\/actualite\/pole-hippolia-aux-cotes-de-delegation-francaise-chio-daix-chapelle\/\" \/>\n<meta property=\"og:site_name\" content=\"P\u00f4le Hippolia\" \/>\n<meta property=\"article:publisher\" content=\"https:\/\/www.facebook.com\/polehippolia\/?locale=fr_FR\" \/>\n<meta property=\"article:modified_time\" content=\"2019-04-25T13:59:42+00:00\" \/>\n<meta property=\"og:image\" content=\"https:\/\/pole-hippolia.org\/wp-content\/uploads\/2018\/07\/37282189_2564396703786017_8743695258715422720_o.jpg\" \/>\n\t<meta property=\"og:image:width\" content=\"2016\" \/>\n\t<meta property=\"og:image:height\" content=\"1512\" \/>\n\t<meta property=\"og:image:type\" content=\"image\/jpeg\" \/>\n<meta name=\"twitter:card\" content=\"summary_large_image\" \/>\n<meta name=\"twitter:label1\" content=\"Est. reading time\" \/>\n\t<meta name=\"twitter:data1\" content=\"1 minute\" \/>\n<script type=\"application\/ld+json\" class=\"yoast-schema-graph\">{\"@context\":\"https:\\\/\\\/schema.org\",\"@graph\":[{\"@type\":\"WebPage\",\"@id\":\"https:\\\/\\\/pole-hippolia.org\\\/actualite\\\/pole-hippolia-aux-cotes-de-delegation-francaise-chio-daix-chapelle\\\/\",\"url\":\"https:\\\/\\\/pole-hippolia.org\\\/actualite\\\/pole-hippolia-aux-cotes-de-delegation-francaise-chio-daix-chapelle\\\/\",\"name\":\"Le P\u00f4le Hippolia aux c\u00f4t\u00e9s de la d\u00e9l\u00e9gation fran\u00e7aise au CHIO d'Aix-la-Chapelle - P\u00f4le Hippolia\",\"isPartOf\":{\"@id\":\"https:\\\/\\\/pole-hippolia.org\\\/#website\"},\"primaryImageOfPage\":{\"@id\":\"https:\\\/\\\/pole-hippolia.org\\\/actualite\\\/pole-hippolia-aux-cotes-de-delegation-francaise-chio-daix-chapelle\\\/#primaryimage\"},\"image\":{\"@id\":\"https:\\\/\\\/pole-hippolia.org\\\/actualite\\\/pole-hippolia-aux-cotes-de-delegation-francaise-chio-daix-chapelle\\\/#primaryimage\"},\"thumbnailUrl\":\"https:\\\/\\\/pole-hippolia.org\\\/\\\/wp-content\\\/uploads\\\/2018\\\/07\\\/37282189_2564396703786017_8743695258715422720_o.jpg\",\"datePublished\":\"2018-07-17T16:00:09+00:00\",\"dateModified\":\"2019-04-25T13:59:42+00:00\",\"breadcrumb\":{\"@id\":\"https:\\\/\\\/pole-hippolia.org\\\/actualite\\\/pole-hippolia-aux-cotes-de-delegation-francaise-chio-daix-chapelle\\\/#breadcrumb\"},\"inLanguage\":\"en-US\",\"potentialAction\":[{\"@type\":\"ReadAction\",\"target\":[\"https:\\\/\\\/pole-hippolia.org\\\/actualite\\\/pole-hippolia-aux-cotes-de-delegation-francaise-chio-daix-chapelle\\\/\"]}]},{\"@type\":\"ImageObject\",\"inLanguage\":\"en-US\",\"@id\":\"https:\\\/\\\/pole-hippolia.org\\\/actualite\\\/pole-hippolia-aux-cotes-de-delegation-francaise-chio-daix-chapelle\\\/#primaryimage\",\"url\":\"https:\\\/\\\/pole-hippolia.org\\\/\\\/wp-content\\\/uploads\\\/2018\\\/07\\\/37282189_2564396703786017_8743695258715422720_o.jpg\",\"contentUrl\":\"https:\\\/\\\/pole-hippolia.org\\\/\\\/wp-content\\\/uploads\\\/2018\\\/07\\\/37282189_2564396703786017_8743695258715422720_o.jpg\"},{\"@type\":\"BreadcrumbList\",\"@id\":\"https:\\\/\\\/pole-hippolia.org\\\/actualite\\\/pole-hippolia-aux-cotes-de-delegation-francaise-chio-daix-chapelle\\\/#breadcrumb\",\"itemListElement\":[{\"@type\":\"ListItem\",\"position\":1,\"name\":\"Accueil\",\"item\":\"https:\\\/\\\/pole-hippolia.org\\\/en\\\/\"},{\"@type\":\"ListItem\",\"position\":2,\"name\":\"Le P\u00f4le Hippolia aux c\u00f4t\u00e9s de la d\u00e9l\u00e9gation fran\u00e7aise au CHIO d&rsquo;Aix-la-Chapelle\"}]},{\"@type\":\"WebSite\",\"@id\":\"https:\\\/\\\/pole-hippolia.org\\\/#website\",\"url\":\"https:\\\/\\\/pole-hippolia.org\\\/\",\"name\":\"P\u00f4le Hippolia\",\"description\":\"R\u00e9seau Innovation Croissance\",\"potentialAction\":[{\"@type\":\"SearchAction\",\"target\":{\"@type\":\"EntryPoint\",\"urlTemplate\":\"https:\\\/\\\/pole-hippolia.org\\\/?s={search_term_string}\"},\"query-input\":{\"@type\":\"PropertyValueSpecification\",\"valueRequired\":true,\"valueName\":\"search_term_string\"}}],\"inLanguage\":\"en-US\"}]}<\/script>\n<!-- \/ Yoast SEO plugin. -->","yoast_head_json":{"title":"Le P\u00f4le Hippolia aux c\u00f4t\u00e9s de la d\u00e9l\u00e9gation fran\u00e7aise au CHIO d'Aix-la-Chapelle - P\u00f4le Hippolia","robots":{"index":"index","follow":"follow","max-snippet":"max-snippet:-1","max-image-preview":"max-image-preview:large","max-video-preview":"max-video-preview:-1"},"canonical":"https:\/\/pole-hippolia.org\/actualite\/pole-hippolia-aux-cotes-de-delegation-francaise-chio-daix-chapelle\/","og_locale":"en_US","og_type":"article","og_title":"Le P\u00f4le Hippolia aux c\u00f4t\u00e9s de la d\u00e9l\u00e9gation fran\u00e7aise au CHIO d'Aix-la-Chapelle - P\u00f4le Hippolia","og_description":"Alors que la France venait d\u2019\u00eatre championne du monde, cette d\u00e9l\u00e9gation pilot\u00e9e par le Minist\u00e8re des Sports accompagn\u00e9 par l\u2019Ambassade de France, Atout France, le Cadre Noir, le Consulat, la FFE, la Garde R\u00e9publicaine, l\u2019Ifce, et le P\u00f4le Hippolia a pu se rendre compte de l\u2019ampleur du partenariat. C\u00e9r\u00e9monie d\u2019ouverture et spectacles, Pavillon France dans [&hellip;]","og_url":"https:\/\/pole-hippolia.org\/actualite\/pole-hippolia-aux-cotes-de-delegation-francaise-chio-daix-chapelle\/","og_site_name":"P\u00f4le Hippolia","article_publisher":"https:\/\/www.facebook.com\/polehippolia\/?locale=fr_FR","article_modified_time":"2019-04-25T13:59:42+00:00","og_image":[{"width":2016,"height":1512,"url":"https:\/\/pole-hippolia.org\/wp-content\/uploads\/2018\/07\/37282189_2564396703786017_8743695258715422720_o.jpg","type":"image\/jpeg"}],"twitter_card":"summary_large_image","twitter_misc":{"Est. reading time":"1 minute"},"schema":{"@context":"https:\/\/schema.org","@graph":[{"@type":"WebPage","@id":"https:\/\/pole-hippolia.org\/actualite\/pole-hippolia-aux-cotes-de-delegation-francaise-chio-daix-chapelle\/","url":"https:\/\/pole-hippolia.org\/actualite\/pole-hippolia-aux-cotes-de-delegation-francaise-chio-daix-chapelle\/","name":"Le P\u00f4le Hippolia aux c\u00f4t\u00e9s de la d\u00e9l\u00e9gation fran\u00e7aise au CHIO d'Aix-la-Chapelle - P\u00f4le Hippolia","isPartOf":{"@id":"https:\/\/pole-hippolia.org\/#website"},"primaryImageOfPage":{"@id":"https:\/\/pole-hippolia.org\/actualite\/pole-hippolia-aux-cotes-de-delegation-francaise-chio-daix-chapelle\/#primaryimage"},"image":{"@id":"https:\/\/pole-hippolia.org\/actualite\/pole-hippolia-aux-cotes-de-delegation-francaise-chio-daix-chapelle\/#primaryimage"},"thumbnailUrl":"https:\/\/pole-hippolia.org\/\/wp-content\/uploads\/2018\/07\/37282189_2564396703786017_8743695258715422720_o.jpg","datePublished":"2018-07-17T16:00:09+00:00","dateModified":"2019-04-25T13:59:42+00:00","breadcrumb":{"@id":"https:\/\/pole-hippolia.org\/actualite\/pole-hippolia-aux-cotes-de-delegation-francaise-chio-daix-chapelle\/#breadcrumb"},"inLanguage":"en-US","potentialAction":[{"@type":"ReadAction","target":["https:\/\/pole-hippolia.org\/actualite\/pole-hippolia-aux-cotes-de-delegation-francaise-chio-daix-chapelle\/"]}]},{"@type":"ImageObject","inLanguage":"en-US","@id":"https:\/\/pole-hippolia.org\/actualite\/pole-hippolia-aux-cotes-de-delegation-francaise-chio-daix-chapelle\/#primaryimage","url":"https:\/\/pole-hippolia.org\/\/wp-content\/uploads\/2018\/07\/37282189_2564396703786017_8743695258715422720_o.jpg","contentUrl":"https:\/\/pole-hippolia.org\/\/wp-content\/uploads\/2018\/07\/37282189_2564396703786017_8743695258715422720_o.jpg"},{"@type":"BreadcrumbList","@id":"https:\/\/pole-hippolia.org\/actualite\/pole-hippolia-aux-cotes-de-delegation-francaise-chio-daix-chapelle\/#breadcrumb","itemListElement":[{"@type":"ListItem","position":1,"name":"Accueil","item":"https:\/\/pole-hippolia.org\/en\/"},{"@type":"ListItem","position":2,"name":"Le P\u00f4le Hippolia aux c\u00f4t\u00e9s de la d\u00e9l\u00e9gation fran\u00e7aise au CHIO d&rsquo;Aix-la-Chapelle"}]},{"@type":"WebSite","@id":"https:\/\/pole-hippolia.org\/#website","url":"https:\/\/pole-hippolia.org\/","name":"P\u00f4le Hippolia","description":"R\u00e9seau Innovation Croissance","potentialAction":[{"@type":"SearchAction","target":{"@type":"EntryPoint","urlTemplate":"https:\/\/pole-hippolia.org\/?s={search_term_string}"},"query-input":{"@type":"PropertyValueSpecification","valueRequired":true,"valueName":"search_term_string"}}],"inLanguage":"en-US"}]}},"_links":{"self":[{"href":"https:\/\/pole-hippolia.org\/en\/wp-json\/wp\/v2\/actualite\/14537","targetHints":{"allow":["GET"]}}],"collection":[{"href":"https:\/\/pole-hippolia.org\/en\/wp-json\/wp\/v2\/actualite"}],"about":[{"href":"https:\/\/pole-hippolia.org\/en\/wp-json\/wp\/v2\/types\/actualite"}],"wp:attachment":[{"href":"https:\/\/pole-hippolia.org\/en\/wp-json\/wp\/v2\/media?parent=14537"}],"wp:term":[{"taxonomy":"categorie_actualite","embeddable":true,"href":"https:\/\/pole-hippolia.org\/en\/wp-json\/wp\/v2\/categorie_actualite?post=14537"}],"curies":[{"name":"wp","href":"https:\/\/api.w.org\/{rel}","templated":true}]}}