{"id":13149,"date":"2017-01-12T09:58:37","date_gmt":"2017-01-12T08:58:37","guid":{"rendered":"https:\/\/pole-hippolia.org\/\/?p=13149"},"modified":"2019-04-26T11:13:37","modified_gmt":"2019-04-26T09:13:37","slug":"letat-reunit-acteurs-de-filiere-equine-definir-strategie-commune","status":"publish","type":"actualite","link":"https:\/\/pole-hippolia.org\/en\/actualite\/letat-reunit-acteurs-de-filiere-equine-definir-strategie-commune\/","title":{"rendered":"L\u2019\u00c9tat r\u00e9unit les acteurs de la fili\u00e8re \u00e9quine pour d\u00e9finir une strat\u00e9gie commune"},"content":{"rendered":"<p><strong>Mercredi 11 janvier 2017, l\u2019\u00c9tat a r\u00e9uni les acteurs de la fili\u00e8re \u00e9quine afin d&#8217;engager une r\u00e9flexion visant \u00e0 d\u00e9finir une strat\u00e9gie commune pour relancer l&#8217;\u00e9conomie de ce secteur.<\/strong><br \/>\nSt\u00e9phane Le Foll, ministre de l\u2019Agriculture, de l\u2019Agroalimentaire et de la For\u00eat, Porte-parole du Gouvernement, Patrick Kanner, ministre de la Ville, de la Jeunesse et des Sports, Christian Eckert, secr\u00e9taire d\u2019\u00c9tat charg\u00e9 du Budget et des Comptes publics et Thierry Braillard, secr\u00e9taire d&#8217;\u00c9tat charg\u00e9 des Sports ont r\u00e9uni mercredi 11 janvier 2017 les acteurs de la fili\u00e8re \u00e9quine afin d&#8217;engager une r\u00e9flexion visant \u00e0 d\u00e9finir une strat\u00e9gie commune pour relancer l&#8217;\u00e9conomie de ce secteur.<br \/>\nAu terme de la r\u00e9union qui vient de se tenir, et \u00e0 la lumi\u00e8re des travaux du comit\u00e9 fili\u00e8re de l&#8217;Institut fran\u00e7ais du cheval et de l\u2019\u00e9quitation (<a title=\"IFCE (Nouvelle fen\u00eatre)\" href=\"http:\/\/www.ifce.fr\/\" target=\"_blank\" rel=\"noopener noreferrer\">IFCE<\/a>) qui ont \u00e9t\u00e9 pr\u00e9sent\u00e9s, des pistes de r\u00e9flexion ont \u00e9t\u00e9 arr\u00eat\u00e9es\u00a0et doivent \u00eatre approfondies dans le cadre de trois groupes de travail\u00a0:<\/p>\n<ul>\n<li>le premier sur la relance de l&#8217;\u00e9conomie des courses, qui se concentrera sur la relance des paris et la modernisation de l&#8217;organisation de l&#8217;institution des courses.<\/li>\n<li>le deuxi\u00e8me sur les perspectives financi\u00e8res du secteur (rentabilit\u00e9 et modes de financement des diff\u00e9rentes activit\u00e9s).<\/li>\n<li>enfin, le troisi\u00e8me groupe aura pour th\u00e8me la comp\u00e9titivit\u00e9 des entreprises et la structuration de la fili\u00e8re \u00e9quine.<\/li>\n<\/ul>\n<p>Ces travaux devront aboutir \u00e0 la d\u00e9finition d&#8217;un contrat de fili\u00e8re, pr\u00e9cisant les objectifs communs pour la fili\u00e8re mais aussi les engagements de chacun.<br \/>\nUne nouvelle r\u00e9union se tiendra en mars pour mesurer l&#8217;avanc\u00e9e des travaux.<\/p>\n<p><a href=\"http:\/\/proxy-pubminefi.diffusion.finances.gouv.fr\/pub\/document\/18\/21983.pdf\" target=\"_blank\" rel=\"noopener noreferrer\">T\u00e9l\u00e9charger le communiqu\u00e9 de presse<\/a><\/p>\n","protected":false},"template":"","categorie_actualite":[65],"class_list":["post-13149","actualite","type-actualite","status-publish","hentry","categorie_actualite-le-pole"],"acf":[],"yoast_head":"<!-- This site is optimized with the Yoast SEO plugin v27.4 - https:\/\/yoast.com\/product\/yoast-seo-wordpress\/ -->\n<title>L\u2019\u00c9tat r\u00e9unit les acteurs de la fili\u00e8re \u00e9quine pour d\u00e9finir une strat\u00e9gie commune - P\u00f4le Hippolia<\/title>\n<meta name=\"robots\" content=\"index, follow, max-snippet:-1, max-image-preview:large, max-video-preview:-1\" \/>\n<link rel=\"canonical\" href=\"https:\/\/pole-hippolia.org\/actualite\/letat-reunit-acteurs-de-filiere-equine-definir-strategie-commune\/\" \/>\n<meta property=\"og:locale\" content=\"en_US\" \/>\n<meta property=\"og:type\" content=\"article\" \/>\n<meta property=\"og:title\" content=\"L\u2019\u00c9tat r\u00e9unit les acteurs de la fili\u00e8re \u00e9quine pour d\u00e9finir une strat\u00e9gie commune - P\u00f4le Hippolia\" \/>\n<meta property=\"og:description\" content=\"Mercredi 11 janvier 2017, l\u2019\u00c9tat a r\u00e9uni les acteurs de la fili\u00e8re \u00e9quine afin d&#8217;engager une r\u00e9flexion visant \u00e0 d\u00e9finir une strat\u00e9gie commune pour relancer l&#8217;\u00e9conomie de ce secteur. St\u00e9phane Le Foll, ministre de l\u2019Agriculture, de l\u2019Agroalimentaire et de la For\u00eat, Porte-parole du Gouvernement, Patrick Kanner, ministre de la Ville, de la Jeunesse et des [&hellip;]\" \/>\n<meta property=\"og:url\" content=\"https:\/\/pole-hippolia.org\/actualite\/letat-reunit-acteurs-de-filiere-equine-definir-strategie-commune\/\" \/>\n<meta property=\"og:site_name\" content=\"P\u00f4le Hippolia\" \/>\n<meta property=\"article:publisher\" content=\"https:\/\/www.facebook.com\/polehippolia\/?locale=fr_FR\" \/>\n<meta property=\"article:modified_time\" content=\"2019-04-26T09:13:37+00:00\" \/>\n<meta name=\"twitter:card\" content=\"summary_large_image\" \/>\n<meta name=\"twitter:label1\" content=\"Est. reading time\" \/>\n\t<meta name=\"twitter:data1\" content=\"1 minute\" \/>\n<script type=\"application\/ld+json\" class=\"yoast-schema-graph\">{\"@context\":\"https:\\\/\\\/schema.org\",\"@graph\":[{\"@type\":\"WebPage\",\"@id\":\"https:\\\/\\\/pole-hippolia.org\\\/actualite\\\/letat-reunit-acteurs-de-filiere-equine-definir-strategie-commune\\\/\",\"url\":\"https:\\\/\\\/pole-hippolia.org\\\/actualite\\\/letat-reunit-acteurs-de-filiere-equine-definir-strategie-commune\\\/\",\"name\":\"L\u2019\u00c9tat r\u00e9unit les acteurs de la fili\u00e8re \u00e9quine pour d\u00e9finir une strat\u00e9gie commune - P\u00f4le Hippolia\",\"isPartOf\":{\"@id\":\"https:\\\/\\\/pole-hippolia.org\\\/#website\"},\"datePublished\":\"2017-01-12T08:58:37+00:00\",\"dateModified\":\"2019-04-26T09:13:37+00:00\",\"breadcrumb\":{\"@id\":\"https:\\\/\\\/pole-hippolia.org\\\/actualite\\\/letat-reunit-acteurs-de-filiere-equine-definir-strategie-commune\\\/#breadcrumb\"},\"inLanguage\":\"en-US\",\"potentialAction\":[{\"@type\":\"ReadAction\",\"target\":[\"https:\\\/\\\/pole-hippolia.org\\\/actualite\\\/letat-reunit-acteurs-de-filiere-equine-definir-strategie-commune\\\/\"]}]},{\"@type\":\"BreadcrumbList\",\"@id\":\"https:\\\/\\\/pole-hippolia.org\\\/actualite\\\/letat-reunit-acteurs-de-filiere-equine-definir-strategie-commune\\\/#breadcrumb\",\"itemListElement\":[{\"@type\":\"ListItem\",\"position\":1,\"name\":\"Accueil\",\"item\":\"https:\\\/\\\/pole-hippolia.org\\\/en\\\/\"},{\"@type\":\"ListItem\",\"position\":2,\"name\":\"L\u2019\u00c9tat r\u00e9unit les acteurs de la fili\u00e8re \u00e9quine pour d\u00e9finir une strat\u00e9gie commune\"}]},{\"@type\":\"WebSite\",\"@id\":\"https:\\\/\\\/pole-hippolia.org\\\/#website\",\"url\":\"https:\\\/\\\/pole-hippolia.org\\\/\",\"name\":\"P\u00f4le Hippolia\",\"description\":\"R\u00e9seau Innovation Croissance\",\"potentialAction\":[{\"@type\":\"SearchAction\",\"target\":{\"@type\":\"EntryPoint\",\"urlTemplate\":\"https:\\\/\\\/pole-hippolia.org\\\/?s={search_term_string}\"},\"query-input\":{\"@type\":\"PropertyValueSpecification\",\"valueRequired\":true,\"valueName\":\"search_term_string\"}}],\"inLanguage\":\"en-US\"}]}<\/script>\n<!-- \/ Yoast SEO plugin. -->","yoast_head_json":{"title":"L\u2019\u00c9tat r\u00e9unit les acteurs de la fili\u00e8re \u00e9quine pour d\u00e9finir une strat\u00e9gie commune - P\u00f4le Hippolia","robots":{"index":"index","follow":"follow","max-snippet":"max-snippet:-1","max-image-preview":"max-image-preview:large","max-video-preview":"max-video-preview:-1"},"canonical":"https:\/\/pole-hippolia.org\/actualite\/letat-reunit-acteurs-de-filiere-equine-definir-strategie-commune\/","og_locale":"en_US","og_type":"article","og_title":"L\u2019\u00c9tat r\u00e9unit les acteurs de la fili\u00e8re \u00e9quine pour d\u00e9finir une strat\u00e9gie commune - P\u00f4le Hippolia","og_description":"Mercredi 11 janvier 2017, l\u2019\u00c9tat a r\u00e9uni les acteurs de la fili\u00e8re \u00e9quine afin d&#8217;engager une r\u00e9flexion visant \u00e0 d\u00e9finir une strat\u00e9gie commune pour relancer l&#8217;\u00e9conomie de ce secteur. St\u00e9phane Le Foll, ministre de l\u2019Agriculture, de l\u2019Agroalimentaire et de la For\u00eat, Porte-parole du Gouvernement, Patrick Kanner, ministre de la Ville, de la Jeunesse et des [&hellip;]","og_url":"https:\/\/pole-hippolia.org\/actualite\/letat-reunit-acteurs-de-filiere-equine-definir-strategie-commune\/","og_site_name":"P\u00f4le Hippolia","article_publisher":"https:\/\/www.facebook.com\/polehippolia\/?locale=fr_FR","article_modified_time":"2019-04-26T09:13:37+00:00","twitter_card":"summary_large_image","twitter_misc":{"Est. reading time":"1 minute"},"schema":{"@context":"https:\/\/schema.org","@graph":[{"@type":"WebPage","@id":"https:\/\/pole-hippolia.org\/actualite\/letat-reunit-acteurs-de-filiere-equine-definir-strategie-commune\/","url":"https:\/\/pole-hippolia.org\/actualite\/letat-reunit-acteurs-de-filiere-equine-definir-strategie-commune\/","name":"L\u2019\u00c9tat r\u00e9unit les acteurs de la fili\u00e8re \u00e9quine pour d\u00e9finir une strat\u00e9gie commune - P\u00f4le Hippolia","isPartOf":{"@id":"https:\/\/pole-hippolia.org\/#website"},"datePublished":"2017-01-12T08:58:37+00:00","dateModified":"2019-04-26T09:13:37+00:00","breadcrumb":{"@id":"https:\/\/pole-hippolia.org\/actualite\/letat-reunit-acteurs-de-filiere-equine-definir-strategie-commune\/#breadcrumb"},"inLanguage":"en-US","potentialAction":[{"@type":"ReadAction","target":["https:\/\/pole-hippolia.org\/actualite\/letat-reunit-acteurs-de-filiere-equine-definir-strategie-commune\/"]}]},{"@type":"BreadcrumbList","@id":"https:\/\/pole-hippolia.org\/actualite\/letat-reunit-acteurs-de-filiere-equine-definir-strategie-commune\/#breadcrumb","itemListElement":[{"@type":"ListItem","position":1,"name":"Accueil","item":"https:\/\/pole-hippolia.org\/en\/"},{"@type":"ListItem","position":2,"name":"L\u2019\u00c9tat r\u00e9unit les acteurs de la fili\u00e8re \u00e9quine pour d\u00e9finir une strat\u00e9gie commune"}]},{"@type":"WebSite","@id":"https:\/\/pole-hippolia.org\/#website","url":"https:\/\/pole-hippolia.org\/","name":"P\u00f4le Hippolia","description":"R\u00e9seau Innovation Croissance","potentialAction":[{"@type":"SearchAction","target":{"@type":"EntryPoint","urlTemplate":"https:\/\/pole-hippolia.org\/?s={search_term_string}"},"query-input":{"@type":"PropertyValueSpecification","valueRequired":true,"valueName":"search_term_string"}}],"inLanguage":"en-US"}]}},"_links":{"self":[{"href":"https:\/\/pole-hippolia.org\/en\/wp-json\/wp\/v2\/actualite\/13149","targetHints":{"allow":["GET"]}}],"collection":[{"href":"https:\/\/pole-hippolia.org\/en\/wp-json\/wp\/v2\/actualite"}],"about":[{"href":"https:\/\/pole-hippolia.org\/en\/wp-json\/wp\/v2\/types\/actualite"}],"wp:attachment":[{"href":"https:\/\/pole-hippolia.org\/en\/wp-json\/wp\/v2\/media?parent=13149"}],"wp:term":[{"taxonomy":"categorie_actualite","embeddable":true,"href":"https:\/\/pole-hippolia.org\/en\/wp-json\/wp\/v2\/categorie_actualite?post=13149"}],"curies":[{"name":"wp","href":"https:\/\/api.w.org\/{rel}","templated":true}]}}